{"id":1636,"date":"2018-04-26T11:16:08","date_gmt":"2018-04-26T15:16:08","guid":{"rendered":"http:\/\/fannybergeron.com\/?p=1636"},"modified":"2018-04-26T11:16:08","modified_gmt":"2018-04-26T15:16:08","slug":"rever-maison-prendre-actions-devenir-proprietaires","status":"publish","type":"post","link":"https:\/\/fannybergeron.com\/en\/vendre-une-propriete\/rever-maison-prendre-actions-devenir-proprietaires\/","title":{"rendered":"R\u00eaver la maison, sans prendre les actions pour devenir propri\u00e9taires"},"content":{"rendered":"<h5>Alors que pratiquement tous les Canadiens de 18 \u00e0 37 ans (g\u00e9n\u00e9ration Y) qui louent un logement ou qui habitent chez leurs parents pr\u00e9voient devenir propri\u00e9taires dans les cinq prochaines ann\u00e9es, les deux tiers d\u2019entre eux n\u2019ont pas encore commenc\u00e9 \u00e0 mettre de l\u2019argent de c\u00f4t\u00e9, d\u2019apr\u00e8s le sondage du Forum Angus Reid fait pour le compte de la Banque CIBC.<\/h5>\n<p>Moins d\u2019un Canadien sur 10 de la g\u00e9n\u00e9ration Y (7 %) de ceux qui comptent devenir propri\u00e9taires dans les cinq prochaines ann\u00e9es disposent actuellement d\u2019\u00e9conomies repr\u00e9sentant la totalit\u00e9 de la mise de fonds d\u2019une propri\u00e9t\u00e9.<\/p>\n<p>En moyenne, les d\u00e9penses m\u00e9nag\u00e8res mensuelles des locataires de la g\u00e9n\u00e9ration Y sont en moyenne de 856 $. Comparativement, un propri\u00e9taire de la m\u00eame g\u00e9n\u00e9ration d\u00e9pense en moyenne 1 329 $ par mois pour ses paiements m\u00e9nagers.<\/p>\n<p>Cependant, six Canadiens sur 10 \u00e2g\u00e9s de 18 \u00e0 37 ans consid\u00e8rent que louer un logement revient aussi cher que d\u2019acheter une maison, selon le sondage.<\/p>\n<p>Bien qu\u2019il veuille devenir propri\u00e9taire dans les ann\u00e9es \u00e0 venir, seulement le cinqui\u00e8me des locataires (18 %) a rencontr\u00e9 un expert de l\u2019industrie des services financiers \u00e0 ce sujet.<\/p>\n<p>Par ailleurs, moins de la moiti\u00e9 (45 %) des Canadiens de la g\u00e9n\u00e9ration Y interrog\u00e9s tiennent un budget mensuel.<\/p>\n<p>Le sondage en ligne a \u00e9t\u00e9 men\u00e9 aupr\u00e8s de 1\u00a0471 Canadiens \u00e2g\u00e9s de 18 \u00e0 37 ans choisis au hasard parmi les participants au Forum Angus Reid, entre le 19 et le 26 mars 2018.<\/p>\n<p>&nbsp;<\/p>\n<p>Pour acc\u00e9der \u00e0 l&#8217;article original, <a href=\"https:\/\/www.finance-investissement.com\/nouvelles\/economie-et-recherche\/rever-la-maison-sans-prendre-les-actions\/\" target=\"_blank\" rel=\"noopener noreferrer\">cliquez ici!<\/a><\/p>\n<p>&nbsp;<\/p>\n<p><span style=\"font-size: 10pt\">Source: FI | Finance et Investissement | 26 avril 2018<\/span><\/p>\n","protected":false},"excerpt":{"rendered":"<p>Alors que pratiquement tous les Canadiens de 18 \u00e0 37 ans (g\u00e9n\u00e9ration Y) qui louent un logement ou qui habitent chez leurs parents pr\u00e9voient devenir propri\u00e9taires dans les cinq prochaines ann\u00e9es, les deux tiers d\u2019entre eux n\u2019ont pas encore commenc\u00e9 \u00e0 mettre de l\u2019argent de c\u00f4t\u00e9, d\u2019apr\u00e8s le sondage du Forum Angus Reid fait pour [&hellip;]<\/p>\n","protected":false},"author":634,"featured_media":1637,"comment_status":"open","ping_status":"open","sticky":false,"template":"","format":"standard","meta":{"_acf_changed":false,"footnotes":""},"categories":[1],"tags":[],"class_list":["post-1636","post","type-post","status-publish","format-standard","hentry","category-vendre-une-propriete"],"acf":[],"yoast_head":"<!-- This site is optimized with the Yoast SEO plugin v26.7 - https:\/\/yoast.com\/wordpress\/plugins\/seo\/ -->\n<title>R\u00eaver la maison, sans prendre les actions pour devenir propri\u00e9taires<\/title>\n<meta name=\"description\" content=\"Beaucoup de Canadiens de 18 \u00e0 37 ans qui louent un logement ou qui habitent chez leurs parents pr\u00e9voient devenir propri\u00e9taires dans les 5 prochaines ann\u00e9es\" \/>\n<meta name=\"robots\" content=\"index, follow, max-snippet:-1, max-image-preview:large, max-video-preview:-1\" \/>\n<link rel=\"canonical\" href=\"https:\/\/fannybergeron.com\/vendre-une-propriete\/rever-maison-prendre-actions-devenir-proprietaires\/\" \/>\n<meta property=\"og:locale\" content=\"en_US\" \/>\n<meta property=\"og:type\" content=\"article\" \/>\n<meta property=\"og:title\" content=\"R\u00eaver la maison, sans prendre les actions pour devenir propri\u00e9taires\" \/>\n<meta property=\"og:description\" content=\"Beaucoup de Canadiens de 18 \u00e0 37 ans qui louent un logement ou qui habitent chez leurs parents pr\u00e9voient devenir propri\u00e9taires dans les 5 prochaines ann\u00e9es\" \/>\n<meta property=\"og:url\" content=\"https:\/\/fannybergeron.com\/vendre-une-propriete\/rever-maison-prendre-actions-devenir-proprietaires\/\" \/>\n<meta property=\"og:site_name\" content=\"Real Estate Broker Saint-Jean-sur-Richelieu Fanny Bergeron\" \/>\n<meta property=\"article:publisher\" content=\"https:\/\/www.facebook.com\/FannyRemax\/\" \/>\n<meta property=\"article:author\" content=\"https:\/\/www.facebook.com\/FannyetFelix\" \/>\n<meta property=\"article:published_time\" content=\"2018-04-26T15:16:08+00:00\" \/>\n<meta property=\"og:image\" content=\"https:\/\/fannybergeron.com\/files\/2018\/07\/banniere_portrait2.png\" \/><meta property=\"og:image\" content=\"https:\/\/fannybergeron.com\/files\/2018\/04\/devenir-propri\u00e9taires.jpg\" \/>\n\t<meta property=\"og:image:width\" content=\"800\" \/>\n\t<meta property=\"og:image:height\" content=\"600\" \/>\n\t<meta property=\"og:image:type\" content=\"image\/jpeg\" \/>\n<meta name=\"author\" content=\"Fanny Bergeron Courtier immobilier Saint-Jean-sur-Richelieu RE\/MAX agent immobilier Saint-Jean-sur-Richelieu\" \/>\n<meta name=\"twitter:card\" content=\"summary_large_image\" \/>\n<meta name=\"twitter:image\" content=\"https:\/\/fannybergeron.com\/files\/2018\/07\/banniere_portrait2.png\" \/>\n<meta name=\"twitter:creator\" content=\"@FannyRemax\" \/>\n<meta name=\"twitter:site\" content=\"@FannyRemax\" \/>\n<meta name=\"twitter:label1\" content=\"Written by\" \/>\n\t<meta name=\"twitter:data1\" content=\"Fanny Bergeron Courtier immobilier Saint-Jean-sur-Richelieu RE\/MAX agent immobilier Saint-Jean-sur-Richelieu\" \/>\n\t<meta name=\"twitter:label2\" content=\"Est. reading time\" \/>\n\t<meta name=\"twitter:data2\" content=\"1 minute\" \/>\n<script type=\"application\/ld+json\" class=\"yoast-schema-graph\">{\"@context\":\"https:\/\/schema.org\",\"@graph\":[{\"@type\":\"Article\",\"@id\":\"https:\/\/fannybergeron.com\/vendre-une-propriete\/rever-maison-prendre-actions-devenir-proprietaires\/#article\",\"isPartOf\":{\"@id\":\"https:\/\/fannybergeron.com\/vendre-une-propriete\/rever-maison-prendre-actions-devenir-proprietaires\/\"},\"author\":{\"name\":\"Fanny Bergeron Courtier immobilier Saint-Jean-sur-Richelieu RE\/MAX agent immobilier Saint-Jean-sur-Richelieu\",\"@id\":\"https:\/\/fannybergeron.com\/#\/schema\/person\/afe2727cf706587ff56c7d2116bd50a5\"},\"headline\":\"R\u00eaver la maison, sans prendre les actions pour devenir propri\u00e9taires\",\"datePublished\":\"2018-04-26T15:16:08+00:00\",\"mainEntityOfPage\":{\"@id\":\"https:\/\/fannybergeron.com\/vendre-une-propriete\/rever-maison-prendre-actions-devenir-proprietaires\/\"},\"wordCount\":285,\"commentCount\":0,\"publisher\":{\"@id\":\"https:\/\/fannybergeron.com\/#organization\"},\"image\":{\"@id\":\"https:\/\/fannybergeron.com\/vendre-une-propriete\/rever-maison-prendre-actions-devenir-proprietaires\/#primaryimage\"},\"thumbnailUrl\":\"https:\/\/fannybergeron.com\/files\/2018\/04\/devenir-propri\u00e9taires.jpg\",\"articleSection\":[\"Non class\u00e9\"],\"inLanguage\":\"en-US\",\"potentialAction\":[{\"@type\":\"CommentAction\",\"name\":\"Comment\",\"target\":[\"https:\/\/fannybergeron.com\/vendre-une-propriete\/rever-maison-prendre-actions-devenir-proprietaires\/#respond\"]}]},{\"@type\":\"WebPage\",\"@id\":\"https:\/\/fannybergeron.com\/vendre-une-propriete\/rever-maison-prendre-actions-devenir-proprietaires\/\",\"url\":\"https:\/\/fannybergeron.com\/vendre-une-propriete\/rever-maison-prendre-actions-devenir-proprietaires\/\",\"name\":\"R\u00eaver la maison, sans prendre les actions pour devenir propri\u00e9taires\",\"isPartOf\":{\"@id\":\"https:\/\/fannybergeron.com\/#website\"},\"primaryImageOfPage\":{\"@id\":\"https:\/\/fannybergeron.com\/vendre-une-propriete\/rever-maison-prendre-actions-devenir-proprietaires\/#primaryimage\"},\"image\":{\"@id\":\"https:\/\/fannybergeron.com\/vendre-une-propriete\/rever-maison-prendre-actions-devenir-proprietaires\/#primaryimage\"},\"thumbnailUrl\":\"https:\/\/fannybergeron.com\/files\/2018\/04\/devenir-propri\u00e9taires.jpg\",\"datePublished\":\"2018-04-26T15:16:08+00:00\",\"description\":\"Beaucoup de Canadiens de 18 \u00e0 37 ans qui louent un logement ou qui habitent chez leurs parents pr\u00e9voient devenir propri\u00e9taires dans les 5 prochaines ann\u00e9es\",\"breadcrumb\":{\"@id\":\"https:\/\/fannybergeron.com\/vendre-une-propriete\/rever-maison-prendre-actions-devenir-proprietaires\/#breadcrumb\"},\"inLanguage\":\"en-US\",\"potentialAction\":[{\"@type\":\"ReadAction\",\"target\":[\"https:\/\/fannybergeron.com\/vendre-une-propriete\/rever-maison-prendre-actions-devenir-proprietaires\/\"]}]},{\"@type\":\"ImageObject\",\"inLanguage\":\"en-US\",\"@id\":\"https:\/\/fannybergeron.com\/vendre-une-propriete\/rever-maison-prendre-actions-devenir-proprietaires\/#primaryimage\",\"url\":\"https:\/\/fannybergeron.com\/files\/2018\/04\/devenir-propri\u00e9taires.jpg\",\"contentUrl\":\"https:\/\/fannybergeron.com\/files\/2018\/04\/devenir-propri\u00e9taires.jpg\",\"width\":800,\"height\":600,\"caption\":\"devenir propri\u00e9taires\"},{\"@type\":\"BreadcrumbList\",\"@id\":\"https:\/\/fannybergeron.com\/vendre-une-propriete\/rever-maison-prendre-actions-devenir-proprietaires\/#breadcrumb\",\"itemListElement\":[{\"@type\":\"ListItem\",\"position\":1,\"name\":\"Accueil\",\"item\":\"https:\/\/fannybergeron.com\/\"},{\"@type\":\"ListItem\",\"position\":2,\"name\":\"R\u00eaver la maison, sans prendre les actions pour devenir propri\u00e9taires\"}]},{\"@type\":\"WebSite\",\"@id\":\"https:\/\/fannybergeron.com\/#website\",\"url\":\"https:\/\/fannybergeron.com\/\",\"name\":\"Real Estate Broker Saint-Jean-sur-Richelieu Fanny Bergeron\",\"description\":\"Courtier immobilier Saint-Jean-sur-Richelieu\",\"publisher\":{\"@id\":\"https:\/\/fannybergeron.com\/#organization\"},\"potentialAction\":[{\"@type\":\"SearchAction\",\"target\":{\"@type\":\"EntryPoint\",\"urlTemplate\":\"https:\/\/fannybergeron.com\/?s={search_term_string}\"},\"query-input\":{\"@type\":\"PropertyValueSpecification\",\"valueRequired\":true,\"valueName\":\"search_term_string\"}}],\"inLanguage\":\"en-US\"},{\"@type\":\"Organization\",\"@id\":\"https:\/\/fannybergeron.com\/#organization\",\"name\":\"Courtier immobilier Saint-Jean-sur-Richelieu RE\/MAX Fanny Bergeron\",\"url\":\"https:\/\/fannybergeron.com\/\",\"logo\":{\"@type\":\"ImageObject\",\"inLanguage\":\"en-US\",\"@id\":\"https:\/\/fannybergeron.com\/#\/schema\/logo\/image\/\",\"url\":\"https:\/\/fannybergeron.com\/files\/2022\/04\/Ballon_RGB-e1649764306731.png\",\"contentUrl\":\"https:\/\/fannybergeron.com\/files\/2022\/04\/Ballon_RGB-e1649764306731.png\",\"width\":400,\"height\":508,\"caption\":\"Courtier immobilier Saint-Jean-sur-Richelieu RE\/MAX Fanny Bergeron\"},\"image\":{\"@id\":\"https:\/\/fannybergeron.com\/#\/schema\/logo\/image\/\"},\"sameAs\":[\"https:\/\/www.facebook.com\/FannyRemax\/\",\"https:\/\/x.com\/FannyRemax\",\"http:\/\/fanny.bergeron.courtier.immo\",\"https:\/\/www.linkedin.com\/in\/fannyremax\/\"]},{\"@type\":\"Person\",\"@id\":\"https:\/\/fannybergeron.com\/#\/schema\/person\/afe2727cf706587ff56c7d2116bd50a5\",\"name\":\"Fanny Bergeron Courtier immobilier Saint-Jean-sur-Richelieu RE\/MAX agent immobilier Saint-Jean-sur-Richelieu\",\"image\":{\"@type\":\"ImageObject\",\"inLanguage\":\"en-US\",\"@id\":\"https:\/\/fannybergeron.com\/#\/schema\/person\/image\/\",\"url\":\"https:\/\/secure.gravatar.com\/avatar\/c017f79084b7ddf754bb2d6026b9eb9d7a9adb134877dbef538b0ddcd2901852?s=96&d=mm&r=g\",\"contentUrl\":\"https:\/\/secure.gravatar.com\/avatar\/c017f79084b7ddf754bb2d6026b9eb9d7a9adb134877dbef538b0ddcd2901852?s=96&d=mm&r=g\",\"caption\":\"Fanny Bergeron Courtier immobilier Saint-Jean-sur-Richelieu RE\/MAX agent immobilier Saint-Jean-sur-Richelieu\"},\"description\":\"Courtier immobilier Saint-Jean-sur-Richelieu | Fanny Bergeron est une professionnelle de confiance bien pr\u00e9sente pour vous conseiller et vous accompagner minutieusement vers une transaction r\u00e9ussie. L'objectif au quotidien de Fanny est d\u2019aider ses clients \u00e0 acheter ou \u00e0 vendre leur propri\u00e9t\u00e9 efficacement dans les meilleurs conditions, en mettant toute ses comp\u00e9tences et son soutien \u00e0 l\u2019\u0153uvre. Ce qui la d\u00e9marque en tant que courtier immobilier? Il s'agit de son \u00e9coute et de son d\u00e9vouement aupr\u00e8s de ses clients. Elle s'implique ardemment durant toutes les \u00e9tapes du processus de vente ou d'achat, le faisant avec autant de soin que s'il s'agissait d'agir pour elle-m\u00eame. Bien desservir les int\u00e9r\u00eats de ses clients est au c\u0153ur de son approche professionnelle\",\"sameAs\":[\"http:\/\/www.fannybergeron.com\",\"https:\/\/www.facebook.com\/FannyetFelix\",\"https:\/\/x.com\/FannyRemax\"]}]}<\/script>\n<!-- \/ Yoast SEO plugin. -->","yoast_head_json":{"title":"R\u00eaver la maison, sans prendre les actions pour devenir propri\u00e9taires","description":"Beaucoup de Canadiens de 18 \u00e0 37 ans qui louent un logement ou qui habitent chez leurs parents pr\u00e9voient devenir propri\u00e9taires dans les 5 prochaines ann\u00e9es","robots":{"index":"index","follow":"follow","max-snippet":"max-snippet:-1","max-image-preview":"max-image-preview:large","max-video-preview":"max-video-preview:-1"},"canonical":"https:\/\/fannybergeron.com\/vendre-une-propriete\/rever-maison-prendre-actions-devenir-proprietaires\/","og_locale":"en_US","og_type":"article","og_title":"R\u00eaver la maison, sans prendre les actions pour devenir propri\u00e9taires","og_description":"Beaucoup de Canadiens de 18 \u00e0 37 ans qui louent un logement ou qui habitent chez leurs parents pr\u00e9voient devenir propri\u00e9taires dans les 5 prochaines ann\u00e9es","og_url":"https:\/\/fannybergeron.com\/vendre-une-propriete\/rever-maison-prendre-actions-devenir-proprietaires\/","og_site_name":"Real Estate Broker Saint-Jean-sur-Richelieu Fanny Bergeron","article_publisher":"https:\/\/www.facebook.com\/FannyRemax\/","article_author":"https:\/\/www.facebook.com\/FannyetFelix","article_published_time":"2018-04-26T15:16:08+00:00","og_image":[{"url":"https:\/\/fannybergeron.com\/files\/2018\/07\/banniere_portrait2.png","type":"","width":"","height":""},{"width":800,"height":600,"url":"https:\/\/fannybergeron.com\/files\/2018\/04\/devenir-propri\u00e9taires.jpg","type":"image\/jpeg"}],"author":"Fanny Bergeron Courtier immobilier Saint-Jean-sur-Richelieu RE\/MAX agent immobilier Saint-Jean-sur-Richelieu","twitter_card":"summary_large_image","twitter_image":"https:\/\/fannybergeron.com\/files\/2018\/07\/banniere_portrait2.png","twitter_creator":"@FannyRemax","twitter_site":"@FannyRemax","twitter_misc":{"Written by":"Fanny Bergeron Courtier immobilier Saint-Jean-sur-Richelieu RE\/MAX agent immobilier Saint-Jean-sur-Richelieu","Est. reading time":"1 minute"},"schema":{"@context":"https:\/\/schema.org","@graph":[{"@type":"Article","@id":"https:\/\/fannybergeron.com\/vendre-une-propriete\/rever-maison-prendre-actions-devenir-proprietaires\/#article","isPartOf":{"@id":"https:\/\/fannybergeron.com\/vendre-une-propriete\/rever-maison-prendre-actions-devenir-proprietaires\/"},"author":{"name":"Fanny Bergeron Courtier immobilier Saint-Jean-sur-Richelieu RE\/MAX agent immobilier Saint-Jean-sur-Richelieu","@id":"https:\/\/fannybergeron.com\/#\/schema\/person\/afe2727cf706587ff56c7d2116bd50a5"},"headline":"R\u00eaver la maison, sans prendre les actions pour devenir propri\u00e9taires","datePublished":"2018-04-26T15:16:08+00:00","mainEntityOfPage":{"@id":"https:\/\/fannybergeron.com\/vendre-une-propriete\/rever-maison-prendre-actions-devenir-proprietaires\/"},"wordCount":285,"commentCount":0,"publisher":{"@id":"https:\/\/fannybergeron.com\/#organization"},"image":{"@id":"https:\/\/fannybergeron.com\/vendre-une-propriete\/rever-maison-prendre-actions-devenir-proprietaires\/#primaryimage"},"thumbnailUrl":"https:\/\/fannybergeron.com\/files\/2018\/04\/devenir-propri\u00e9taires.jpg","articleSection":["Non class\u00e9"],"inLanguage":"en-US","potentialAction":[{"@type":"CommentAction","name":"Comment","target":["https:\/\/fannybergeron.com\/vendre-une-propriete\/rever-maison-prendre-actions-devenir-proprietaires\/#respond"]}]},{"@type":"WebPage","@id":"https:\/\/fannybergeron.com\/vendre-une-propriete\/rever-maison-prendre-actions-devenir-proprietaires\/","url":"https:\/\/fannybergeron.com\/vendre-une-propriete\/rever-maison-prendre-actions-devenir-proprietaires\/","name":"R\u00eaver la maison, sans prendre les actions pour devenir propri\u00e9taires","isPartOf":{"@id":"https:\/\/fannybergeron.com\/#website"},"primaryImageOfPage":{"@id":"https:\/\/fannybergeron.com\/vendre-une-propriete\/rever-maison-prendre-actions-devenir-proprietaires\/#primaryimage"},"image":{"@id":"https:\/\/fannybergeron.com\/vendre-une-propriete\/rever-maison-prendre-actions-devenir-proprietaires\/#primaryimage"},"thumbnailUrl":"https:\/\/fannybergeron.com\/files\/2018\/04\/devenir-propri\u00e9taires.jpg","datePublished":"2018-04-26T15:16:08+00:00","description":"Beaucoup de Canadiens de 18 \u00e0 37 ans qui louent un logement ou qui habitent chez leurs parents pr\u00e9voient devenir propri\u00e9taires dans les 5 prochaines ann\u00e9es","breadcrumb":{"@id":"https:\/\/fannybergeron.com\/vendre-une-propriete\/rever-maison-prendre-actions-devenir-proprietaires\/#breadcrumb"},"inLanguage":"en-US","potentialAction":[{"@type":"ReadAction","target":["https:\/\/fannybergeron.com\/vendre-une-propriete\/rever-maison-prendre-actions-devenir-proprietaires\/"]}]},{"@type":"ImageObject","inLanguage":"en-US","@id":"https:\/\/fannybergeron.com\/vendre-une-propriete\/rever-maison-prendre-actions-devenir-proprietaires\/#primaryimage","url":"https:\/\/fannybergeron.com\/files\/2018\/04\/devenir-propri\u00e9taires.jpg","contentUrl":"https:\/\/fannybergeron.com\/files\/2018\/04\/devenir-propri\u00e9taires.jpg","width":800,"height":600,"caption":"devenir propri\u00e9taires"},{"@type":"BreadcrumbList","@id":"https:\/\/fannybergeron.com\/vendre-une-propriete\/rever-maison-prendre-actions-devenir-proprietaires\/#breadcrumb","itemListElement":[{"@type":"ListItem","position":1,"name":"Accueil","item":"https:\/\/fannybergeron.com\/"},{"@type":"ListItem","position":2,"name":"R\u00eaver la maison, sans prendre les actions pour devenir propri\u00e9taires"}]},{"@type":"WebSite","@id":"https:\/\/fannybergeron.com\/#website","url":"https:\/\/fannybergeron.com\/","name":"Real Estate Broker Saint-Jean-sur-Richelieu Fanny Bergeron","description":"Courtier immobilier Saint-Jean-sur-Richelieu","publisher":{"@id":"https:\/\/fannybergeron.com\/#organization"},"potentialAction":[{"@type":"SearchAction","target":{"@type":"EntryPoint","urlTemplate":"https:\/\/fannybergeron.com\/?s={search_term_string}"},"query-input":{"@type":"PropertyValueSpecification","valueRequired":true,"valueName":"search_term_string"}}],"inLanguage":"en-US"},{"@type":"Organization","@id":"https:\/\/fannybergeron.com\/#organization","name":"Courtier immobilier Saint-Jean-sur-Richelieu RE\/MAX Fanny Bergeron","url":"https:\/\/fannybergeron.com\/","logo":{"@type":"ImageObject","inLanguage":"en-US","@id":"https:\/\/fannybergeron.com\/#\/schema\/logo\/image\/","url":"https:\/\/fannybergeron.com\/files\/2022\/04\/Ballon_RGB-e1649764306731.png","contentUrl":"https:\/\/fannybergeron.com\/files\/2022\/04\/Ballon_RGB-e1649764306731.png","width":400,"height":508,"caption":"Courtier immobilier Saint-Jean-sur-Richelieu RE\/MAX Fanny Bergeron"},"image":{"@id":"https:\/\/fannybergeron.com\/#\/schema\/logo\/image\/"},"sameAs":["https:\/\/www.facebook.com\/FannyRemax\/","https:\/\/x.com\/FannyRemax","http:\/\/fanny.bergeron.courtier.immo","https:\/\/www.linkedin.com\/in\/fannyremax\/"]},{"@type":"Person","@id":"https:\/\/fannybergeron.com\/#\/schema\/person\/afe2727cf706587ff56c7d2116bd50a5","name":"Fanny Bergeron Courtier immobilier Saint-Jean-sur-Richelieu RE\/MAX agent immobilier Saint-Jean-sur-Richelieu","image":{"@type":"ImageObject","inLanguage":"en-US","@id":"https:\/\/fannybergeron.com\/#\/schema\/person\/image\/","url":"https:\/\/secure.gravatar.com\/avatar\/c017f79084b7ddf754bb2d6026b9eb9d7a9adb134877dbef538b0ddcd2901852?s=96&d=mm&r=g","contentUrl":"https:\/\/secure.gravatar.com\/avatar\/c017f79084b7ddf754bb2d6026b9eb9d7a9adb134877dbef538b0ddcd2901852?s=96&d=mm&r=g","caption":"Fanny Bergeron Courtier immobilier Saint-Jean-sur-Richelieu RE\/MAX agent immobilier Saint-Jean-sur-Richelieu"},"description":"Courtier immobilier Saint-Jean-sur-Richelieu | Fanny Bergeron est une professionnelle de confiance bien pr\u00e9sente pour vous conseiller et vous accompagner minutieusement vers une transaction r\u00e9ussie. L'objectif au quotidien de Fanny est d\u2019aider ses clients \u00e0 acheter ou \u00e0 vendre leur propri\u00e9t\u00e9 efficacement dans les meilleurs conditions, en mettant toute ses comp\u00e9tences et son soutien \u00e0 l\u2019\u0153uvre. Ce qui la d\u00e9marque en tant que courtier immobilier? Il s'agit de son \u00e9coute et de son d\u00e9vouement aupr\u00e8s de ses clients. Elle s'implique ardemment durant toutes les \u00e9tapes du processus de vente ou d'achat, le faisant avec autant de soin que s'il s'agissait d'agir pour elle-m\u00eame. Bien desservir les int\u00e9r\u00eats de ses clients est au c\u0153ur de son approche professionnelle","sameAs":["http:\/\/www.fannybergeron.com","https:\/\/www.facebook.com\/FannyetFelix","https:\/\/x.com\/FannyRemax"]}]}},"_links":{"self":[{"href":"https:\/\/fannybergeron.com\/en\/wp-json\/wp\/v2\/posts\/1636","targetHints":{"allow":["GET"]}}],"collection":[{"href":"https:\/\/fannybergeron.com\/en\/wp-json\/wp\/v2\/posts"}],"about":[{"href":"https:\/\/fannybergeron.com\/en\/wp-json\/wp\/v2\/types\/post"}],"author":[{"embeddable":true,"href":"https:\/\/fannybergeron.com\/en\/wp-json\/wp\/v2\/users\/634"}],"replies":[{"embeddable":true,"href":"https:\/\/fannybergeron.com\/en\/wp-json\/wp\/v2\/comments?post=1636"}],"version-history":[{"count":1,"href":"https:\/\/fannybergeron.com\/en\/wp-json\/wp\/v2\/posts\/1636\/revisions"}],"predecessor-version":[{"id":1638,"href":"https:\/\/fannybergeron.com\/en\/wp-json\/wp\/v2\/posts\/1636\/revisions\/1638"}],"wp:featuredmedia":[{"embeddable":true,"href":"https:\/\/fannybergeron.com\/en\/wp-json\/wp\/v2\/media\/1637"}],"wp:attachment":[{"href":"https:\/\/fannybergeron.com\/en\/wp-json\/wp\/v2\/media?parent=1636"}],"wp:term":[{"taxonomy":"category","embeddable":true,"href":"https:\/\/fannybergeron.com\/en\/wp-json\/wp\/v2\/categories?post=1636"},{"taxonomy":"post_tag","embeddable":true,"href":"https:\/\/fannybergeron.com\/en\/wp-json\/wp\/v2\/tags?post=1636"}],"curies":[{"name":"wp","href":"https:\/\/api.w.org\/{rel}","templated":true}]}}